{"id":651,"global_id":"dorylansorena.es?id=651","global_id_lineage":["dorylansorena.es?id=651"],"author":"1","status":"publish","date":"2025-05-26 10:03:51","date_utc":"2025-05-26 08:03:51","modified":"2025-05-26 10:03:51","modified_utc":"2025-05-26 08:03:51","url":"https:\/\/dorylansorena.es\/index.php\/event\/flmadrid-2025\/","rest_url":"https:\/\/dorylansorena.es\/index.php\/wp-json\/tribe\/events\/v1\/events\/651","title":"FLMadrid 2025","description":"<p class=\"p1\"><span class=\"s1\">\u00bfTe gusta la poes\u00eda que se siente de verdad?<\/span><\/p>\n<p class=\"p1\"><span class=\"s2\">Este <\/span><span class=\"s1\">domingo 1 de junio<\/span><span class=\"s2\"> te espero en la <\/span><span class=\"s1\">Feria del Libro de Madrid<\/span><span class=\"s2\"> (Caseta 111 &#8211; Bloque 17, El Retiro).<\/span><\/p>\n<p class=\"p1\"><span class=\"s1\">Firma de libros, abrazos, versos y dedicatorias \u00fanicas.<\/span><\/p>\n<p class=\"p1\"><span class=\"s2\">Ven y ll\u00e9vate tu ejemplar firmado de <\/span><span class=\"s3\">Cuando las miradas gritan<\/span><span class=\"s2\"> y <\/span><span class=\"s3\">Primaveras en el jard\u00edn de los sue\u00f1os<\/span><span class=\"s2\">.<\/span><\/p>\n<p class=\"p1\"><span class=\"s1\">Nos vemos donde la palabra florece. \u00a1No faltes!<\/span><\/p>\n<p><img fetchpriority=\"high\" decoding=\"async\" class=\"alignnone size-medium wp-image-652\" src=\"https:\/\/dorylansorena.es\/wp-content\/uploads\/2025\/05\/33A74879-9143-4C0F-8981-4362D7708BDE-212x300.jpeg\" alt=\"\" width=\"212\" height=\"300\" srcset=\"https:\/\/dorylansorena.es\/wp-content\/uploads\/2025\/05\/33A74879-9143-4C0F-8981-4362D7708BDE-212x300.jpeg 212w, https:\/\/dorylansorena.es\/wp-content\/uploads\/2025\/05\/33A74879-9143-4C0F-8981-4362D7708BDE-724x1024.jpeg 724w, https:\/\/dorylansorena.es\/wp-content\/uploads\/2025\/05\/33A74879-9143-4C0F-8981-4362D7708BDE-768x1086.jpeg 768w, https:\/\/dorylansorena.es\/wp-content\/uploads\/2025\/05\/33A74879-9143-4C0F-8981-4362D7708BDE-1086x1536.jpeg 1086w, https:\/\/dorylansorena.es\/wp-content\/uploads\/2025\/05\/33A74879-9143-4C0F-8981-4362D7708BDE.jpeg 1179w\" sizes=\"(max-width: 212px) 100vw, 212px\" \/><\/p>","excerpt":"","slug":"flmadrid-2025","image":false,"all_day":false,"start_date":"2025-05-26 08:00:00","start_date_details":{"year":"2025","month":"05","day":"26","hour":"08","minutes":"00","seconds":"00"},"end_date":"2025-05-26 17:00:00","end_date_details":{"year":"2025","month":"05","day":"26","hour":"17","minutes":"00","seconds":"00"},"utc_start_date":"2025-05-26 06:00:00","utc_start_date_details":{"year":"2025","month":"05","day":"26","hour":"06","minutes":"00","seconds":"00"},"utc_end_date":"2025-05-26 15:00:00","utc_end_date_details":{"year":"2025","month":"05","day":"26","hour":"15","minutes":"00","seconds":"00"},"timezone":"Europe\/Madrid","timezone_abbr":"CEST","cost":"","cost_details":{"currency_symbol":"\u20ac","currency_code":"EUR","currency_position":"suffix","values":[]},"website":"","show_map":true,"show_map_link":true,"hide_from_listings":false,"sticky":false,"featured":false,"categories":[{"name":"firma","slug":"firma","term_group":0,"term_taxonomy_id":17,"taxonomy":"tribe_events_cat","description":"","parent":0,"count":4,"filter":"raw","id":17,"urls":{"self":"https:\/\/dorylansorena.es\/index.php\/wp-json\/tribe\/events\/v1\/categories\/17","collection":"https:\/\/dorylansorena.es\/index.php\/wp-json\/tribe\/events\/v1\/categories"}}],"tags":[{"name":"#FLMadrid25 #FirmaDeLibros #DoryLansorena #FeriaDelLibroMadrid #Poes\u00edaQueAbraza #LectoresConAlma","slug":"flmadrid25-firmadelibros-dorylansorena-feriadellibromadrid-poesiaqueabraza-lectoresconalma","term_group":0,"term_taxonomy_id":31,"taxonomy":"post_tag","description":"","parent":0,"count":1,"filter":"raw","id":31,"urls":{"self":"https:\/\/dorylansorena.es\/index.php\/wp-json\/tribe\/events\/v1\/tags\/31","collection":"https:\/\/dorylansorena.es\/index.php\/wp-json\/tribe\/events\/v1\/tags"}}],"venue":[],"organizer":[],"custom_fields":[],"json_ld":{"@context":"http:\/\/schema.org","@type":"Event","name":"FLMadrid 2025","description":"&lt;p&gt;\u00bfTe gusta la poes\u00eda que se siente de verdad? Este domingo 1 de junio te espero en la Feria del Libro de Madrid (Caseta 111 - Bloque 17, El Retiro). Firma de libros, abrazos, versos y dedicatorias \u00fanicas. Ven y ll\u00e9vate tu ejemplar firmado de Cuando las miradas gritan y Primaveras en el jard\u00edn de los sue\u00f1os. Nos vemos donde la palabra florece. \u00a1No faltes!&lt;\/p&gt;\\n","url":"https:\/\/dorylansorena.es\/index.php\/event\/flmadrid-2025\/","eventAttendanceMode":"https:\/\/schema.org\/OfflineEventAttendanceMode","eventStatus":"https:\/\/schema.org\/EventScheduled","startDate":"2025-05-26T08:00:00+02:00","endDate":"2025-05-26T17:00:00+02:00","performer":"Organization"}}