{"id":645,"date":"2024-08-16T12:17:36","date_gmt":"2024-08-16T10:17:36","guid":{"rendered":"https:\/\/dorylansorena.es\/?p=645"},"modified":"2024-08-16T12:17:36","modified_gmt":"2024-08-16T10:17:36","slug":"resena-de-mi-libro-primaveras-en-aenoveles","status":"publish","type":"post","link":"https:\/\/dorylansorena.es\/index.php\/2024\/08\/16\/resena-de-mi-libro-primaveras-en-aenoveles\/","title":{"rendered":"Rese\u00f1a de mi libro &#8220;PRIMAVERAS&#8221; en AENOVELES"},"content":{"rendered":"\n<p>Me hace mucha ilusi\u00f3n que AENOVELES se haya echo eco de mi \u00faltimo libro &#8220;Primaveras. En el jard\u00edn de los sue\u00f1os&#8221;. Os dejo aqu\u00ed el enlace para que lo consulteis.<\/p>\n\n\n\n<div class=\"wp-block-buttons is-layout-flex wp-block-buttons-is-layout-flex\">\n<div class=\"wp-block-button\"><a class=\"wp-block-button__link wp-element-button\" href=\"https:\/\/www.aenoveles.es\/primaveras-en-el-jardin-de-los-suenos-de-dory-lansorena\/\">VER RESE\u00d1A<\/a><\/div>\n<\/div>\n","protected":false},"excerpt":{"rendered":"<p>Me hace mucha ilusi\u00f3n que AENOVELES se haya echo eco de mi \u00faltimo libro &#8220;Primaveras. En el jard\u00edn de los sue\u00f1os&#8221;. Os dejo aqu\u00ed el enlace para que lo consulteis.<\/p>\n","protected":false},"author":1,"featured_media":646,"comment_status":"open","ping_status":"open","sticky":false,"template":"","format":"standard","meta":{"om_disable_all_campaigns":false,"_monsterinsights_skip_tracking":false,"_monsterinsights_sitenote_active":false,"_monsterinsights_sitenote_note":"","_monsterinsights_sitenote_category":0,"footnotes":""},"categories":[1,23],"tags":[18,12,21,30],"class_list":["post-645","post","type-post","status-publish","format-standard","has-post-thumbnail","hentry","category-blog","category-libros","tag-libro","tag-poesia","tag-primaveras","tag-resenas"],"aioseo_notices":[],"_links":{"self":[{"href":"https:\/\/dorylansorena.es\/index.php\/wp-json\/wp\/v2\/posts\/645","targetHints":{"allow":["GET"]}}],"collection":[{"href":"https:\/\/dorylansorena.es\/index.php\/wp-json\/wp\/v2\/posts"}],"about":[{"href":"https:\/\/dorylansorena.es\/index.php\/wp-json\/wp\/v2\/types\/post"}],"author":[{"embeddable":true,"href":"https:\/\/dorylansorena.es\/index.php\/wp-json\/wp\/v2\/users\/1"}],"replies":[{"embeddable":true,"href":"https:\/\/dorylansorena.es\/index.php\/wp-json\/wp\/v2\/comments?post=645"}],"version-history":[{"count":1,"href":"https:\/\/dorylansorena.es\/index.php\/wp-json\/wp\/v2\/posts\/645\/revisions"}],"predecessor-version":[{"id":647,"href":"https:\/\/dorylansorena.es\/index.php\/wp-json\/wp\/v2\/posts\/645\/revisions\/647"}],"wp:featuredmedia":[{"embeddable":true,"href":"https:\/\/dorylansorena.es\/index.php\/wp-json\/wp\/v2\/media\/646"}],"wp:attachment":[{"href":"https:\/\/dorylansorena.es\/index.php\/wp-json\/wp\/v2\/media?parent=645"}],"wp:term":[{"taxonomy":"category","embeddable":true,"href":"https:\/\/dorylansorena.es\/index.php\/wp-json\/wp\/v2\/categories?post=645"},{"taxonomy":"post_tag","embeddable":true,"href":"https:\/\/dorylansorena.es\/index.php\/wp-json\/wp\/v2\/tags?post=645"}],"curies":[{"name":"wp","href":"https:\/\/api.w.org\/{rel}","templated":true}]}}